{"id":1236,"date":"2023-06-06T15:22:31","date_gmt":"2023-06-06T15:22:31","guid":{"rendered":"https:\/\/bvpataias.pt\/?p=1236"},"modified":"2023-06-06T15:22:31","modified_gmt":"2023-06-06T15:22:31","slug":"a-historia-nao-e-aquilo-que-nos-fomos-e-aquilo-que-nos-somos","status":"publish","type":"post","link":"https:\/\/bvpataias.pt\/home\/a-historia-nao-e-aquilo-que-nos-fomos-e-aquilo-que-nos-somos\/","title":{"rendered":"&#8220;A Hist\u00f3ria n\u00e3o \u00e9 aquilo que n\u00f3s fomos, \u00e9 aquilo que n\u00f3s somos!&#8221;"},"content":{"rendered":"\n<p><img loading=\"lazy\" decoding=\"async\" height=\"16\" width=\"16\" src=\"https:\/\/static.xx.fbcdn.net\/images\/emoji.php\/v9\/taa\/1.5\/16\/1f449.png\" alt=\"????\">\u00a0&#8220;A Hist\u00f3ria n\u00e3o \u00e9 aquilo que n\u00f3s fomos, \u00e9 aquilo que n\u00f3s somos!&#8221;<img loading=\"lazy\" decoding=\"async\" height=\"16\" width=\"16\" src=\"https:\/\/static.xx.fbcdn.net\/images\/emoji.php\/v9\/taa\/1.5\/16\/1f449.png\" alt=\"????\">\u00a0No \u00e2mbito das comemora\u00e7\u00f5es do 45\u00ba anivers\u00e1rio da nossa corpora\u00e7\u00e3o, ser\u00e1 apresentada, dia 18 de junho, a monografia que relata a hist\u00f3ria e as viv\u00eancias desta corpora\u00e7\u00e3o, numa verdadeira homenagem a todos aqueles que, de alguma forma, contribu\u00edram para esta associa\u00e7\u00e3o.<br>Uma edi\u00e7\u00e3o da Editora\u00a0<a href=\"https:\/\/www.facebook.com\/profile.php?id=100064511627320&amp;__cft__[0]=AZW7NwaSOwcvD4lurTZDdPkpJNmZACu-3-ct0U0wuOXufxs4J5Qisvzb2xbjBrU2cjCc2e0RaM01RXgt0VZ13PMz2AJZ6tHWOES-7l_gJUF6Fwg1Yi7alnmf1DwsrWs5h5YlQq8HYs4M70Udy4vnORJ0wl7O_5DeiVX82LdVxH-TmrWFDPF0pErd7PhrP1D_Xpc&amp;__tn__=-]K*F\">Hora de Ler<\/a>, com apresenta\u00e7\u00e3o de Jos\u00e9 Jacinto Fernandes (fundador, ex-presidente e ex-comandante).<br>Esperamos por si!<\/p>\n\n\n\n<figure class=\"wp-block-image size-large\"><img loading=\"lazy\" decoding=\"async\" width=\"1024\" height=\"644\" src=\"https:\/\/bvpataias.pt\/wp-content\/uploads\/2023\/06\/347243527_2440510429441454_7323971496151357823_n-1024x644.jpg\" alt=\"\" class=\"wp-image-1237\" srcset=\"https:\/\/bvpataias.pt\/wp-content\/uploads\/2023\/06\/347243527_2440510429441454_7323971496151357823_n-1024x644.jpg 1024w, https:\/\/bvpataias.pt\/wp-content\/uploads\/2023\/06\/347243527_2440510429441454_7323971496151357823_n-300x189.jpg 300w, https:\/\/bvpataias.pt\/wp-content\/uploads\/2023\/06\/347243527_2440510429441454_7323971496151357823_n-768x483.jpg 768w, https:\/\/bvpataias.pt\/wp-content\/uploads\/2023\/06\/347243527_2440510429441454_7323971496151357823_n-1536x965.jpg 1536w, https:\/\/bvpataias.pt\/wp-content\/uploads\/2023\/06\/347243527_2440510429441454_7323971496151357823_n.jpg 2048w\" sizes=\"auto, (max-width: 1024px) 100vw, 1024px\" \/><\/figure>\n","protected":false},"excerpt":{"rendered":"<p>\u00a0&#8220;A Hist\u00f3ria n\u00e3o \u00e9 aquilo que n\u00f3s fomos, \u00e9 aquilo que n\u00f3s somos!&#8221;\u00a0No \u00e2mbito das comemora\u00e7\u00f5es do 45\u00ba anivers\u00e1rio da nossa corpora\u00e7\u00e3o, ser\u00e1 apresentada, dia 18 de junho, a monografia que relata a hist\u00f3ria e as viv\u00eancias desta corpora\u00e7\u00e3o, numa verdadeira homenagem a todos aqueles que, de alguma forma, contribu\u00edram para esta associa\u00e7\u00e3o.Uma edi\u00e7\u00e3o da [&hellip;]<\/p>\n","protected":false},"author":1,"featured_media":0,"comment_status":"open","ping_status":"open","sticky":false,"template":"","format":"standard","meta":{"footnotes":""},"categories":[1],"tags":[],"class_list":["post-1236","post","type-post","status-publish","format-standard","hentry","category-uncategorized"],"_links":{"self":[{"href":"https:\/\/bvpataias.pt\/home\/wp-json\/wp\/v2\/posts\/1236","targetHints":{"allow":["GET"]}}],"collection":[{"href":"https:\/\/bvpataias.pt\/home\/wp-json\/wp\/v2\/posts"}],"about":[{"href":"https:\/\/bvpataias.pt\/home\/wp-json\/wp\/v2\/types\/post"}],"author":[{"embeddable":true,"href":"https:\/\/bvpataias.pt\/home\/wp-json\/wp\/v2\/users\/1"}],"replies":[{"embeddable":true,"href":"https:\/\/bvpataias.pt\/home\/wp-json\/wp\/v2\/comments?post=1236"}],"version-history":[{"count":1,"href":"https:\/\/bvpataias.pt\/home\/wp-json\/wp\/v2\/posts\/1236\/revisions"}],"predecessor-version":[{"id":1238,"href":"https:\/\/bvpataias.pt\/home\/wp-json\/wp\/v2\/posts\/1236\/revisions\/1238"}],"wp:attachment":[{"href":"https:\/\/bvpataias.pt\/home\/wp-json\/wp\/v2\/media?parent=1236"}],"wp:term":[{"taxonomy":"category","embeddable":true,"href":"https:\/\/bvpataias.pt\/home\/wp-json\/wp\/v2\/categories?post=1236"},{"taxonomy":"post_tag","embeddable":true,"href":"https:\/\/bvpataias.pt\/home\/wp-json\/wp\/v2\/tags?post=1236"}],"curies":[{"name":"wp","href":"https:\/\/api.w.org\/{rel}","templated":true}]}}